{"id":15521,"date":"2021-10-14T22:16:44","date_gmt":"2021-10-14T14:16:44","guid":{"rendered":"https:\/\/www.lincolngoldfinchfirm.com\/?p=15521"},"modified":"2026-03-04T16:52:24","modified_gmt":"2026-03-04T22:52:24","slug":"nuevas-noticias-de-inmigracion","status":"publish","type":"post","link":"https:\/\/www.lincolngoldfinch.com\/es\/vlog\/nuevas-noticias-de-inmigracion\/","title":{"rendered":"Nuevas noticias de inmigraci\u00f3n"},"content":{"rendered":"<div class=\"fusion-fullwidth fullwidth-box fusion-builder-row-1 fusion-flex-container nonhundred-percent-fullwidth non-hundred-percent-height-scrolling\" style=\"--awb-border-radius-top-left:0px;--awb-border-radius-top-right:0px;--awb-border-radius-bottom-right:0px;--awb-border-radius-bottom-left:0px;--awb-padding-right:0px;--awb-padding-left:0px;--awb-flex-wrap:wrap;\" ><div class=\"fusion-builder-row fusion-row fusion-flex-align-items-flex-start fusion-flex-content-wrap\" style=\"max-width:1331.2px;margin-left: calc(-4% \/ 2 );margin-right: calc(-4% \/ 2 );\"><div class=\"fusion-layout-column fusion_builder_column fusion-builder-column-0 fusion_builder_column_1_1 1_1 fusion-flex-column\" style=\"--awb-padding-top:0px;--awb-padding-right:0px;--awb-padding-bottom:0px;--awb-padding-left:0px;--awb-bg-size:cover;--awb-width-large:100%;--awb-margin-top-large:0px;--awb-spacing-right-large:1.92%;--awb-margin-bottom-large:20px;--awb-spacing-left-large:1.92%;--awb-width-medium:100%;--awb-order-medium:0;--awb-spacing-right-medium:1.92%;--awb-spacing-left-medium:1.92%;--awb-width-small:100%;--awb-order-small:0;--awb-spacing-right-small:1.92%;--awb-spacing-left-small:1.92%;\"><div class=\"fusion-column-wrapper fusion-column-has-shadow fusion-flex-justify-content-flex-start fusion-content-layout-column\"><div class=\"fusion-text fusion-text-1\" style=\"--awb-text-transform:none;\"><p style=\"text-align: center;\"><strong>\u201dEl Show Sin Fronteras\u201d<\/strong><\/p>\n<\/div><div class=\"fusion-text fusion-text-2\" style=\"--awb-text-transform:none;--awb-margin-top:20px;\"><p>Nuestras anfitrionas del d\u00eda fueron Karla Ar\u00e9valo y la Abogada Kate Lincoln-Goldfinch, quienes nos acompa\u00f1aron con el objetivo de hacerle llegar toda la informaci\u00f3n que usted necesita para reunirse con su familia, ya sea tray\u00e9ndolos a los Estados Unidos o yendo usted a visitarlos en su pa\u00eds de origen.<\/p>\n<h2>Prioridades de deportaci\u00f3n<\/h2>\n<p>El primer cambio sobre el que nos habl\u00f3 la abogada Kate provino de una decisi\u00f3n tomada en La Corte de Apelaciones del Primer Circuito con respecto a las prioridades de deportaci\u00f3n de la Administraci\u00f3n actual.<\/p>\n<p>Esta Corte revis\u00f3 una orden de la Corte Federal de Apelaciones y orden\u00f3 que el presidente Biden tendr\u00e1 autonom\u00eda para decidir las prioridades de deportaci\u00f3n, sobre qui\u00e9n va a ser arrestado, detenido y deportado.<\/p>\n<p><strong>Esto quiere decir que menos personas correr\u00e1n riesgo de ser detenidas.<\/strong><\/p>\n<p>Durante la administraci\u00f3n del ex-presidente Obama los casos a los que se les daba prioridad eran casos de personas con antecedentes penales graves y con entradas recientes, de manera que no todas las personas indocumentadas que eran agarradas eran necesariamente llevadas ante la Corte de Inmigraci\u00f3n y puestas en proceso de Deportaci\u00f3n.<\/p>\n<div id=\"attachment_15526\" class=\"wp-caption alignright\"><img decoding=\"async\" class=\"wp-image-15526 size-full\" src=\"https:\/\/www.lincolngoldfinch.com\/wp-content\/uploads\/2021\/10\/actualizaciones-leyes-abogada-de-inmigracion-consulta-gratis-cerca-de-mi-tx.jpg\" alt=\"Consulta Legal Gratuita Cerca De Mi\" width=\"300\" height=\"199\" aria-describedby=\"caption-attachment-15526\" \/><\/div>\n<p>Durante la \u00faltima administraci\u00f3n las leyes cambiaron, torn\u00e1ndose m\u00e1s rigurosas y ordenando que todas las personas indocumentadas que fuesen arrestadas deb\u00edan entrar en proceso de deportaci\u00f3n, sin importar el tiempo que llevaran en el pa\u00eds o que no tuvieran antecedentes penales graves.<\/p>\n<p>Esta situaci\u00f3n cambi\u00f3 con la entrada de la administraci\u00f3n Biden, quien estableci\u00f3 unas prioridades de deportaci\u00f3n similares a las que hab\u00eda establecido la administraci\u00f3n Obama, y ahora con \u00e9ste nuevo fallo ya tiene de nuevo autonom\u00eda completa para decidir sobre esto.<\/p>\n<p>Estas nuevas decisiones significan un cambio positivo para la situaci\u00f3n actual de la comunidad inmigrante.<\/p>\n<p>Ahora cualquier persona indocumentada que sea arrestada por manejar sin licencia o manejar bajo la influencia, o que sean arrestados en una redada, tendr\u00e1n un \u00abhold\u00bb por parte del\u00a0<a href=\"https:\/\/www.ice.gov\/es\" target=\"_blank\" rel=\"noopener noreferrer\">Servicio de Control de Inmigraci\u00f3n y Aduanas (Immigration and Customs Enforcement \u2013 ICE)<\/a>. Sin embargo si se encuentra que esta persona no hace parte del grupo priorizado por la administraci\u00f3n de Biden, no ser\u00e1 llevada ante Inmigraci\u00f3n.<\/p>\n<p>A pesar de esto la abogada Kate aconseja tener precauciones y siempre tener un plan en caso de ser arrestado, ya que \u00e9stas pol\u00edticas pueden cambiar de un momento a otro.<\/p>\n<h2>\u00bfQu\u00e9 puede hacer Lincoln-Goldfinch law por usted si lo detienen?<\/h2>\n<p>Cuando una persona es arrestada, es llevada a alguna de las oficinas de ICE donde el Oficial de Inmigraci\u00f3n correspondiente toma una decisi\u00f3n respecto al destino de la persona detenida.<\/p>\n<p>Mientras esto sucede, nosotros hablamos con los familiares de la persona arrestada para poder evaluar mejor las opciones que tiene para poder quedarse en el pa\u00eds. Ser\u00e1 necesario que conozcamos la historia migratoria y criminal de la persona detenida, por lo que\u00a0<strong>es importante contar con un contacto de confianza<\/strong>\u00a0que conozca toda esa informaci\u00f3n.<\/p>\n<p>La abogada Kate aconseja no firmar ning\u00fan documento en caso de ser deportado si no se tiene la oportunidad de revisar los documentos junto con un abogado, todas las personas detenidas tienen derecho a defenderse, a pelear su caso o de pedir una fianza.<\/p>\n<h2>\u00daltimas actualizaciones sobre DACA<\/h2>\n<p>\u00a1Tenemos muy buenas noticias para DACA! A pesar de que es algo que no ha sucedido a\u00fan, la abogada Kate nos inform\u00f3 acerca de un tipo de ley concerniente al presupuesto nacional que ha sido presentada y que tiene menos requisitos para ser aprobada en el Congreso, por lo que tiene mejores oportunidades de pasar.<\/p>\n<p><strong>El Senado ha incluido en este presupuesto una secci\u00f3n que est\u00e1 destinada a dar un estatus permanente a los \u00abDreamers\u00bb.<\/strong><\/p>\n<div id=\"attachment_15530\" class=\"wp-caption alignleft\">\n<p><img decoding=\"async\" class=\"wp-image-15530 size-full\" src=\"https:\/\/www.lincolngoldfinch.com\/wp-content\/uploads\/2021\/10\/actualizaciones-de-inmigracion-daca-abogado-consulta-legal-gratis-austin.jpg\" alt=\"Actualizaciones DACA Abogado De Inmigracion\" width=\"300\" height=\"200\" aria-describedby=\"caption-attachment-15530\" \/><\/p>\n<p id=\"caption-attachment-15530\" class=\"wp-caption-text\">\u00a1Excelentes Noticias Para Los \u00abDreamers\u00bb!<\/p>\n<\/div>\n<p>De acuerdo a lo estipulado en esta propuesta, los \u00abDreamers\u00bb tendr\u00edan que pagar una cuota de $1,500 USD, pasar un examen m\u00e9dico y una revisi\u00f3n de antecedentes.<\/p>\n<p>Es importante recordar que a partir del 1 de octubre ser\u00e1 necesario recibir todas las vacunas exigidas,\u00a0<strong>incluyendo la vacuna contra la COVID-19<\/strong>.<\/p>\n<p>Otro de los requisitos es haber entrado a los Estados Unidos antes de cumplir 18 a\u00f1os de edad, lo que representa un cambio respecto al programa actual de DACA que estipula la edad de entrada en menos de 16 a\u00f1os.<\/p>\n<p>La fecha de entrada debe haber sido antes de enero de 2021, un cambio positivo que beneficiar\u00e1 e incluir\u00e1 a muchas personas m\u00e1s. Es necesario asimismo haber servido en las fuerzas armadas o haber estudiado por 2 a\u00f1os.<\/p>\n<p>El siguiente paso ser\u00eda la Residencia Permanente, y para poder obtener la \u00abGreen Card\u00bb ser\u00e1 necesario comprobar que el \u00abDreamer\u00bb ha estado trabajando, o bien, que se encuentre en un programa de entrenamiento para una profesi\u00f3n o una pasant\u00eda profesional.<\/p>\n<p>La abogada Kate aconseja a aquellas personas que no tengan\u00a0<a href=\"https:\/\/www.lincolngoldfinch.com\/es\/ultimas-noticias-de-daca-que-significan\/\">DACA<\/a>\u00a0pero que cumplan los requisitos, que empiecen a recolectar toda la evidencia. Por ejemplo certificados de estudios para comprobar que han cursado al menos 2 a\u00f1os de estudios en los Estados Unidos, o pagos de impuestos o renta para comprobar la presencia desde antes de enero de 2021.<\/p>\n<p><strong>Igualmente aconseja aplicar lo m\u00e1s pronto posible cuando la nueva ley sea aprobada ya que durante los \u00faltimos 5 a\u00f1os ha habido cambios repentinos y constantes en la Ley de Inmigraci\u00f3n.<\/strong><\/p>\n<h2>Noticias para ciudadanos afganos<\/h2>\n<p>Ahora nuestra firma Lincoln-Goldfinch Law &#8211; Abogados de Inmigraci\u00f3n ofrece el servicio de asesor\u00eda legal para casos de solicitud de\u00a0<strong>\u00abPermisos Humanitarios\u00bb<\/strong>\u00a0(\u00abHumanitarian Parole\u00bb) por parte de ciudadanos afganos.<\/p>\n<p>Para aplicar para este Permiso no es necesario haber servido en las fuerzas armadas ni tener un familiar en los Estados Unidos, cualquier persona que se encuentre en riesgo puede aplicar por estar atravesando una situaci\u00f3n de emergencia.<\/p>\n<p>Cuando este tipo de permiso es aprobado le proporciona al ciudadano afgano permiso para entrar a los Estados Unidos pero\u00a0<strong>es importante entender que no necesariamente le ayudar\u00e1 a salir m\u00e1s r\u00e1pido de Afganist\u00e1n<\/strong>, situaci\u00f3n un poco complicada en la actualidad.<\/p>\n<p>En caso de que se trate de un ciudadano afgano viviendo en Pakist\u00e1n, por ejemplo, tiene la opci\u00f3n de solicitar este \u00abParole\u00bb para poder venir a los Estados Unidos y la mayor\u00eda de ellos van a calificar para un caso de Asilo cuando lleguen. Aqu\u00ed en Lincoln-Goldfinch Law &#8211; Abogados de Inmigraci\u00f3n le ayudaremos a encontrar la mejor opci\u00f3n para usted y su caso particular.<\/p>\n<p>En caso de usted conozca a alguien que se encuentre en esa situaci\u00f3n y necesita ayuda o si tiene preguntas adicionales no dude en comunicarse con nosotros al\u00a0<a href=\"tel:+1-855-502-0555\">(855) 502-0555<\/a>. Para estar al d\u00eda con nuestras \u00faltimas noticias y actualizaciones puede seguirnos en nuestras redes sociales\u00a0<a href=\"https:\/\/www.facebook.com\/lincolngoldfinch\" target=\"_blank\" rel=\"noopener noreferrer\">Facebook<\/a>,\u00a0<a href=\"https:\/\/www.tiktok.com\/@lincolngoldfinchlaw\/live\" target=\"_blank\" rel=\"noopener noreferrer\">TikTok<\/a>,\u00a0<a href=\"https:\/\/www.instagram.com\/lincolngoldfinchlaw\/?hl=en\" target=\"_blank\" rel=\"noopener noreferrer\">Instagram<\/a>\u00a0y\u00a0<a href=\"https:\/\/www.youtube.com\/c\/Lincolngoldfinchlawatx\/\" target=\"_blank\" rel=\"noopener noreferrer\">YouTube<\/a>.<\/p>\n<\/div><div class=\"fusion-title title fusion-title-1 fusion-sep-none fusion-title-center fusion-title-text fusion-title-size-two\" style=\"--awb-margin-top-small:10px;--awb-margin-right-small:0px;--awb-margin-bottom-small:10px;--awb-margin-left-small:0px;\"><h2 class=\"fusion-title-heading title-heading-center\" style=\"margin:0;\">Preguntas frecuentes sobre actualizaciones en inmigraci\u00f3n<\/h2><\/div><div class=\"accordian fusion-accordian\" style=\"--awb-border-size:1px;--awb-icon-size:16px;--awb-content-font-size:var(--awb-typography4-font-size);--awb-icon-alignment:left;--awb-hover-color:var(--awb-color2);--awb-border-color:var(--awb-color3);--awb-background-color:var(--awb-color1);--awb-divider-color:var(--awb-color3);--awb-divider-hover-color:var(--awb-color3);--awb-icon-color:var(--awb-color1);--awb-title-color:var(--awb-color8);--awb-content-color:var(--awb-color8);--awb-icon-box-color:var(--awb-color8);--awb-toggle-hover-accent-color:var(--awb-color5);--awb-title-font-family:var(--awb-typography1-font-family);--awb-title-font-weight:var(--awb-typography1-font-weight);--awb-title-font-style:var(--awb-typography1-font-style);--awb-title-font-size:var(--awb-typography1-font-size);--awb-content-font-family:var(--awb-typography4-font-family);--awb-content-font-weight:var(--awb-typography4-font-weight);--awb-content-font-style:var(--awb-typography4-font-style);\"><div class=\"panel-group fusion-toggle-icon-boxed\" id=\"accordion-15521-1\"><div class=\"fusion-panel panel-default panel-ef9cc51803568bb10 fusion-toggle-has-divider\" style=\"--awb-title-font-size:20px;\"><div class=\"panel-heading\"><h3 class=\"panel-title toggle\" id=\"toggle_ef9cc51803568bb10\"><a aria-expanded=\"false\" aria-controls=\"ef9cc51803568bb10\" role=\"button\" data-toggle=\"collapse\" data-parent=\"#accordion-15521-1\" data-target=\"#ef9cc51803568bb10\" href=\"#ef9cc51803568bb10\"><span class=\"fusion-toggle-icon-wrapper\" aria-hidden=\"true\"><i class=\"fa-fusion-box active-icon awb-icon-minus\" aria-hidden=\"true\"><\/i><i class=\"fa-fusion-box inactive-icon awb-icon-plus\" aria-hidden=\"true\"><\/i><\/span><span class=\"fusion-toggle-heading\">\u00bfCu\u00e1les son las prioridades de la deportaci\u00f3n?<\/span><\/a><\/h3><\/div><div id=\"ef9cc51803568bb10\" class=\"panel-collapse collapse \" aria-labelledby=\"toggle_ef9cc51803568bb10\"><div class=\"panel-body toggle-content fusion-clearfix\">\n<p>Esta situaci\u00f3n cambi\u00f3 con el nuevo gobierno de Biden, que estableci\u00f3 prioridades de deportaci\u00f3n similares a las establecidas por el gobierno de Obama, y ahora con este nuevo fallo, tiene total autonom\u00eda para decidir al respecto. Estas nuevas decisiones suponen un cambio positivo para la situaci\u00f3n actual de la comunidad inmigrante.<\/p>\n<\/div><\/div><\/div><div class=\"fusion-panel panel-default panel-5768856f99dc004cf fusion-toggle-has-divider\" style=\"--awb-title-font-size:20px;\"><div class=\"panel-heading\"><h3 class=\"panel-title toggle\" id=\"toggle_5768856f99dc004cf\"><a aria-expanded=\"false\" aria-controls=\"5768856f99dc004cf\" role=\"button\" data-toggle=\"collapse\" data-parent=\"#accordion-15521-1\" data-target=\"#5768856f99dc004cf\" href=\"#5768856f99dc004cf\"><span class=\"fusion-toggle-icon-wrapper\" aria-hidden=\"true\"><i class=\"fa-fusion-box active-icon awb-icon-minus\" aria-hidden=\"true\"><\/i><i class=\"fa-fusion-box inactive-icon awb-icon-plus\" aria-hidden=\"true\"><\/i><\/span><span class=\"fusion-toggle-heading\">Actualizaciones del programa DACA<\/span><\/a><\/h3><\/div><div id=\"5768856f99dc004cf\" class=\"panel-collapse collapse \" aria-labelledby=\"toggle_5768856f99dc004cf\"><div class=\"panel-body toggle-content fusion-clearfix\">\n<p>El Senado ha incluido en este presupuesto una secci\u00f3n que pretende dar un estatus permanente a los \u00abDreamers\u00bb. De acuerdo con lo estipulado en esta propuesta, los \u00abDreamers\u00bb tendr\u00edan que pagar una cuota de $1500 USD, pasar un examen m\u00e9dico y una verificaci\u00f3n de antecedentes.<\/p>\n<\/div><\/div><\/div><div class=\"fusion-panel panel-default panel-0f19d4e71e3cdd8be fusion-toggle-has-divider\" style=\"--awb-title-font-size:20px;\"><div class=\"panel-heading\"><h3 class=\"panel-title toggle\" id=\"toggle_0f19d4e71e3cdd8be\"><a aria-expanded=\"false\" aria-controls=\"0f19d4e71e3cdd8be\" role=\"button\" data-toggle=\"collapse\" data-parent=\"#accordion-15521-1\" data-target=\"#0f19d4e71e3cdd8be\" href=\"#0f19d4e71e3cdd8be\"><span class=\"fusion-toggle-icon-wrapper\" aria-hidden=\"true\"><i class=\"fa-fusion-box active-icon awb-icon-minus\" aria-hidden=\"true\"><\/i><i class=\"fa-fusion-box inactive-icon awb-icon-plus\" aria-hidden=\"true\"><\/i><\/span><span class=\"fusion-toggle-heading\">Novedades para ciudadanos afganos<\/span><\/a><\/h3><\/div><div id=\"0f19d4e71e3cdd8be\" class=\"panel-collapse collapse \" aria-labelledby=\"toggle_0f19d4e71e3cdd8be\"><div class=\"panel-body toggle-content fusion-clearfix\">\n<p>No es necesario haber servido en las fuerzas armadas o tener un familiar en Estados Unidos para solicitar una Libertad Condicional Humanitaria, cualquier persona que est\u00e9 en riesgo puede solicitarla por encontrarse en una situaci\u00f3n de emergencia.<\/p>\n<\/div><\/div><\/div><\/div><\/div><script type=\"application\/ld+json\">\n{\n\"@context\": \"https:\/\/schema.org\",\n\"@type\": \"FAQPage\",\n\"mainEntity\": [{\n\"@type\": \"Question\",\n\"name\": \"\u00bfCu\u00e1les Son Las Prioridades De La Deportaci\u00f3n?\",\n\"acceptedAnswer\": {\n\"@type\": \"Answer\",\n\"text\": \"<p>Esta situaci\u00f3n cambi\u00f3 con el nuevo gobierno de Biden, que estableci\u00f3 prioridades de deportaci\u00f3n similares a las establecidas por el gobierno de Obama, y ahora con este nuevo fallo, tiene total autonom\u00eda para decidir al respecto. Estas nuevas decisiones suponen un cambio positivo para la situaci\u00f3n actual de la comunidad inmigrante.<\/p>\"\n}\n}, {\n\"@type\": \"Question\",\n\"name\": \"\u00daltimas Actualizaciones De DACA\",\n\"acceptedAnswer\": {\n\"@type\": \"Answer\",\n\"text\": \"<p>El Senado ha incluido en este presupuesto una secci\u00f3n que pretende dar un estatus permanente a los \"Dreamers\". De acuerdo con lo estipulado en esta propuesta, los \"Dreamers\" tendr\u00edan que pagar una cuota de $1500 USD, pasar un examen m\u00e9dico y una verificaci\u00f3n de antecedentes.<\/p>\"\n}\n}, {\n\"@type\": \"Question\",\n\"name\": \"Novedades De Inmigraci\u00f3n Para Los Ciudadanos Afganos\",\n\"acceptedAnswer\": {\n\"@type\": \"Answer\",\n\"text\": \"<p>No es necesario haber servido en las fuerzas armadas o tener un familiar en Estados Unidos para solicitar una Libertad Condicional Humanitaria, cualquier persona que est\u00e9 en riesgo puede solicitarla por encontrarse en una situaci\u00f3n de emergencia.<\/p>\"\n}\n}]\n}\n<\/script><\/div><\/div><\/div><\/div>\n<div class=\"gsp_post_data\" \r\n\t            data-post_type=\"post\" \r\n\t            data-cat=\"vlog,inmigracion-vlogs-es\" \r\n\t            data-modified=\"120\"\r\n\t            data-created=\"1634249804\"\r\n\t            data-title=\"Nuevas noticias de inmigraci\u00f3n\" \r\n\t            data-home=\"https:\/\/www.lincolngoldfinch.com\/es\/\"><\/div>","protected":false},"excerpt":{"rendered":"","protected":false},"author":1,"featured_media":15564,"comment_status":"closed","ping_status":"closed","sticky":false,"template":"","format":"video","meta":{"_acf_changed":false,"rop_custom_images_group":[],"rop_custom_messages_group":[],"rop_publish_now":"initial","rop_publish_now_accounts":[],"rop_publish_now_history":[],"rop_publish_now_status":"pending","_analytify_skip_tracking":false,"rank_math_title":"Noticias de inmigraci\u00f3n - \u00daltimas modificaciones a la ley","rank_math_description":"La abogada de inmigraci\u00f3n Kate nos trajo las m\u00e1s recientes noticias de inmigraci\u00f3n respecto a Deportaci\u00f3n, DACA y Permisos Humanitarios","rank_math_focus_keyword":"Noticias De Inmigraci\u00f3n","rank_math_canonical_url":"","footnotes":""},"categories":[1934,1938],"class_list":["post-15521","post","type-post","status-publish","format-video","has-post-thumbnail","hentry","category-vlog","category-inmigracion-vlogs-es","post_format-post-format-video"],"acf":[],"_links":{"self":[{"href":"https:\/\/www.lincolngoldfinch.com\/es\/wp-json\/wp\/v2\/posts\/15521","targetHints":{"allow":["GET"]}}],"collection":[{"href":"https:\/\/www.lincolngoldfinch.com\/es\/wp-json\/wp\/v2\/posts"}],"about":[{"href":"https:\/\/www.lincolngoldfinch.com\/es\/wp-json\/wp\/v2\/types\/post"}],"author":[{"embeddable":true,"href":"https:\/\/www.lincolngoldfinch.com\/es\/wp-json\/wp\/v2\/users\/1"}],"replies":[{"embeddable":true,"href":"https:\/\/www.lincolngoldfinch.com\/es\/wp-json\/wp\/v2\/comments?post=15521"}],"version-history":[{"count":0,"href":"https:\/\/www.lincolngoldfinch.com\/es\/wp-json\/wp\/v2\/posts\/15521\/revisions"}],"wp:featuredmedia":[{"embeddable":true,"href":"https:\/\/www.lincolngoldfinch.com\/es\/wp-json\/wp\/v2\/media\/15564"}],"wp:attachment":[{"href":"https:\/\/www.lincolngoldfinch.com\/es\/wp-json\/wp\/v2\/media?parent=15521"}],"wp:term":[{"taxonomy":"category","embeddable":true,"href":"https:\/\/www.lincolngoldfinch.com\/es\/wp-json\/wp\/v2\/categories?post=15521"}],"curies":[{"name":"wp","href":"https:\/\/api.w.org\/{rel}","templated":true}]}}