{"id":14278,"date":"2021-09-27T03:15:16","date_gmt":"2021-09-26T19:15:16","guid":{"rendered":"https:\/\/www.lincolngoldfinchfirm.com\/?p=14278"},"modified":"2026-03-10T17:33:35","modified_gmt":"2026-03-10T22:33:35","slug":"proceso-de-asilo-ultimas-actualizaciones","status":"publish","type":"post","link":"https:\/\/www.lincolngoldfinch.com\/es\/vlog\/proceso-de-asilo-ultimas-actualizaciones\/","title":{"rendered":"\u00daltimas actualizaciones sobre el asilo"},"content":{"rendered":"<div class=\"fusion-fullwidth fullwidth-box fusion-builder-row-1 fusion-flex-container nonhundred-percent-fullwidth non-hundred-percent-height-scrolling\" style=\"--awb-border-radius-top-left:0px;--awb-border-radius-top-right:0px;--awb-border-radius-bottom-right:0px;--awb-border-radius-bottom-left:0px;--awb-padding-right:0px;--awb-padding-left:0px;--awb-flex-wrap:wrap;\" ><div class=\"fusion-builder-row fusion-row fusion-flex-align-items-flex-start fusion-flex-content-wrap\" style=\"max-width:1331.2px;margin-left: calc(-4% \/ 2 );margin-right: calc(-4% \/ 2 );\"><div class=\"fusion-layout-column fusion_builder_column fusion-builder-column-0 fusion_builder_column_1_1 1_1 fusion-flex-column\" style=\"--awb-padding-top:0px;--awb-padding-right:0px;--awb-padding-bottom:0px;--awb-padding-left:0px;--awb-bg-size:cover;--awb-width-large:100%;--awb-margin-top-large:0px;--awb-spacing-right-large:1.92%;--awb-margin-bottom-large:20px;--awb-spacing-left-large:1.92%;--awb-width-medium:100%;--awb-order-medium:0;--awb-spacing-right-medium:1.92%;--awb-spacing-left-medium:1.92%;--awb-width-small:100%;--awb-order-small:0;--awb-spacing-right-small:1.92%;--awb-spacing-left-small:1.92%;\"><div class=\"fusion-column-wrapper fusion-column-has-shadow fusion-flex-justify-content-flex-start fusion-content-layout-column\"><div class=\"fusion-text fusion-text-1\" style=\"--awb-text-transform:none;\"><p style=\"text-align: center;\"><strong>\u201dEl Show Sin Fronteras\u201d<\/strong><\/p>\n<\/div><div class='youtube_codegena' id='QU3CfzBCzT0' data-params='?&theme=dark&autoplay=1&autohide=2&modestbranding=1&fs=0&showinfo=0&rel=0' src='https:\/\/www.lincolngoldfinch.com\/wp-content\/uploads\/2021\/09\/asylum-applications-updates-immigration-attorney-texas.jpg' allowfullscreen=\"allowfullscreen\" style='width:840px; height:470px;margin: 0 auto;'><\/div><script src='https:\/\/rawgit.com\/shaneapen\/Async-Youtube-Player\/master\/async_youtube_player.js'><\/script><div class=\"fusion-text fusion-text-2\" style=\"--awb-text-transform:none;--awb-margin-top:20px;\"><p>Los anfitriones de la transmisi\u00f3n en vivo de \u201cEl Show Sin Fronteras\u201d fueron Karla Ar\u00e9valo, Fidel Campuzano y la abogada Kate Lincoln-Goldfinch. En caso de que en futuras transmisiones quiera hacernos preguntas respecto a su caso, puede ponerse en contacto con nosotros al\u00a0<a href=\"tel:+1-855-502-0555\">(855) 502-0555<\/a>. El prop\u00f3sito de nuestro programa es acercarnos y poner a disposici\u00f3n de la comunidad inmigrante toda la informaci\u00f3n relacionada con inmigraci\u00f3n y tr\u00e1mites legales de una manera m\u00e1s accesible en espa\u00f1ol. El d\u00eda de hoy nos centramos en las \u00faltimas actualizaciones en el\u00a0<em>proceso de Asilo<\/em>.<\/p>\n<h2>Definici\u00f3n de asilo<\/h2>\n<p><strong>En algunas ocasiones las personas que deciden cruzar la frontera y\/o quedarse en los Estados Unidos, lo hacen buscando protecci\u00f3n.<\/strong>\u00a0Ya sea porque est\u00e1n sufriendo o temen sufrir alg\u00fan tipo de persecuci\u00f3n debido a su raza, religi\u00f3n, nacionalidad, opini\u00f3n pol\u00edtica o por pertenecer a determinado grupo social. En \u00e9stos casos es posible presentar una solicitud de Asilo que le permitir\u00eda a \u00e9stas personas y sus familiares (c\u00f3nyuge e hijos) permanecer dentro del pa\u00eds.<\/p>\n<p>Existen dos tipos diferentes de casos que se pueden presentar: Asilo Afirmativo y Asilo Defensivo. El\u00a0<strong>Asilo Afirmativo<\/strong>\u00a0es el que solicita una persona que ha entrado ilegalmente sin ser capturado por las autoridades o que ha entrado legalmente haciendo uso de una Visa. \u00e9sta solicitud se env\u00eda y posteriormente tendr\u00e1 lugar una entrevista con un Oficial de Asilo; \u00e9stas personas no son llevadas ante la Corte de Inmigraci\u00f3n.<\/p>\n<p>Caso diferente al que ocurre con el\u00a0<strong>Asilo Defensivo<\/strong>\u00a0en el que el aplicante fue capturado y se encuentra en un Proceso de Deportaci\u00f3n. \u00c9stas personas tienen la oportunidad de probar que temen regresar a su pa\u00eds de origen debido a que han sufrido o temen sufrir persecuciones por las razones mencionadas anteriormente.<\/p>\n<h3>Violencia dom\u00e9stica y violencia de grupos ilegales<\/h3>\n<div id=\"attachment_14486\" class=\"wp-caption alignleft\"><img decoding=\"async\" class=\"wp-image-14486 size-full\" src=\"https:\/\/www.lincolngoldfinch.com\/wp-content\/uploads\/2021\/09\/ultimas-noticias-peticiones-de-asilo-para-inmigrantes-violencia-domestica-abogado-de-inmigracion.jpg\" alt=\"Actualizaciones Asilo Abogados De Inmigracion\" width=\"300\" height=\"199\" aria-describedby=\"caption-attachment-14486\" \/><\/div>\n<p>Desde hace algunos a\u00f1os personas que han sido v\u00edctimas de violencia dom\u00e9stica o familias que han sido amenazadas por grupos violentos o pandillas, ten\u00edan la posibilidad de solicitar Asilo. El argumento detr\u00e1s de \u00e9ste tipo de solicitudes era que \u00ablas mujeres que no pueden salir de su matrimonio\u00bb o \u00abla Familia Valenzuela\u00bb, por ejemplo, eran grupos sociales protegidos dentro de la pol\u00edtica de Asilo. Desafortunadamente el Fiscal General, bajo la administraci\u00f3n anterior, modific\u00f3 la reglamentaci\u00f3n indicando que las v\u00edctimas anteriormente mencionadas no son grupos sociales protegidos.<\/p>\n<p>Durante un tiempo fue muy dif\u00edcil, casi imposible, ganar \u00e9ste tipo de casos de Asilo. Sin embargo,\u00a0<strong>el Fiscal General de la actual administraci\u00f3n ha revertido \u00e9stas modificaciones hechas anteriormente<\/strong>, beneficiando a muchos aplicantes provenientes de Centro Am\u00e9rica. Un gran n\u00famero de casos presentados por nativos de M\u00e9xico, de El Salvador, de Honduras, entre otros, son basados en violencia por parte de grupos al margen de la ley.<\/p>\n<h3>Actualizaciones en la reglamentaci\u00f3n<\/h3>\n<p>Respecto a las actualizaciones m\u00e1s recientes en materia de\u00a0<a href=\"https:\/\/www.uscis.gov\/es\/programas-humanitarios\/refugiados-y-asilo\/asilo\" target=\"_blank\" rel=\"noopener noreferrer\">Peticiones de Asilo<\/a>, la abogada Kate nos inform\u00f3 acerca del cambio dictaminado por el Fiscal General, el cual va dirigido para los casos de Asilo que sean derivados a la Corte de Apelaci\u00f3n. \u00c9ste establece que esta Corte no puede rescindir de la decisi\u00f3n y empezar de nuevo el caso. Por su parte, deber\u00e1n enfocarse \u00fanicamente en el aspecto que fue determinante para elegibilidad de asilo.\u00a0<strong>Este cambio afecta a personas que han perdido sus casos, o que los han ganando, pero es el Estado quien decide apelar la decisi\u00f3n.<\/strong><\/p>\n<h2>Preguntas de nuestros espectadores<\/h2>\n<p>\u00c9sta pregunta viene desde Facebook:<\/p>\n<p><strong><em>\u00ab\u00bfPuede mi patr\u00f3n arreglar mi estatus?\u00bb<\/em><\/strong><\/p>\n<p>En general, las personas que se encuentran en el pa\u00eds de manera ilegal, que llevan m\u00e1s de 6 meses trabajando sin un debido permiso, van a tener problemas tratando de ajustar su estatus con base en el empleo. \u00c9sto se debe a que de acuerdo con la ley que rige las visas de empleo dice que hay que obtener un perd\u00f3n para la presencia ilegal en el pa\u00eds, perd\u00f3n que es posible obtener por medio de un familiar (padres, c\u00f3nyuges) que sea Residente Permanente. De manera que si se cuenta con un familiar que califique para \u00e9sto, como nos explic\u00f3 la abogada Kate, ser\u00e1 m\u00e1s f\u00e1cil ajustar el estatus por medio del familiar que por medio de un proceso de inmigraci\u00f3n basada en el empleo.<\/p>\n<p>Si es el caso de una persona que se encuentra ya sea fuera de los Estados Unidos, o dentro del pa\u00eds pero bajo una visa de trabajo y quiere ajustar su estatus, es diferente. Hay varias visas que se pueden considerar en caso de profesionales, como por ejemplo la Visa H-1B, la Visa L-1A o una Visa TN. La abogada Kate menciona que es importante en el caso de \u00e9ste tipo de visas encontrar un empleador que quiera llevar a cabo \u00e9ste proceso.<\/p>\n<div id=\"attachment_14490\" class=\"wp-caption alignright\"><img decoding=\"async\" class=\"wp-image-14490 size-full\" src=\"https:\/\/www.lincolngoldfinch.com\/wp-content\/uploads\/2021\/09\/peticiones-de-asilo-cambios-recientes-abogados-de-inmigracion-asesoria-legal-gratuita.jpg\" alt=\"Solicitudes De Asilo Consulta Legal Gratis\" width=\"300\" height=\"200\" aria-describedby=\"caption-attachment-14490\" \/><\/div>\n<p>Una de nuestras seguidoras nos pregunt\u00f3:<\/p>\n<p><strong><em>\u00ab\u00bfCu\u00e1ndo es bueno que se tramite la renovaci\u00f3n de DACA si se vence en los \u00faltimos de abril?\u00bb<\/em><\/strong><\/p>\n<p>En caso de que se haya vencido ya en abril de 2021, la abogada Kate aconsej\u00f3 presentar la solicitud de renovaci\u00f3n lo m\u00e1s pronto posible, teniendo en cuenta tambi\u00e9n\u00a0<a href=\"https:\/\/www.lincolngoldfinch.com\/es\/ultimas-noticias-de-daca-que-significan\/\">el \u00faltimo fallo emitido por el Juez Hanen<\/a>. Es importante planear con antelaci\u00f3n, de manera que si se vence en abril de 2022 est\u00e1 a\u00fan a tiempo de presentar la solicitud de renovaci\u00f3n; Fidel estuvo de acuerdo con la abogada Kate en que lo mejor ser\u00eda presentarla unos 4 a 6 meses antes del vencimiento.<\/p>\n<p>Una de nuestras radioescuchas nos envi\u00f3 la siguiente pregunta:<\/p>\n<p><strong><em>\u00ab\u00bfAlguien que est\u00e1 pidiendo Asilo puede pedir alguna Visa o conseguir alg\u00fan permiso para sus padres?\u00bb<\/em><\/strong><\/p>\n<p>Desafortunadamente no existe la posibilidad de incluir a los familiares como beneficiarios, sin embargo la actual administraci\u00f3n ha anunciado un programa en el que los padres podr\u00e1n incluir a sus hijos dentro de la petici\u00f3n y quiz\u00e1s podr\u00e1n traerlos a los Estados Unidos bajo un tipo de \u00abPresencia Condicional\u00bb durante el tiempo que tome procesar los casos.<\/p>\n<p>Respecto a los padres, como ya son mayores de edad, pueden presentar su solicitud de Asilo de manera independiente si se sienten igualmente amenazados o en peligro en su pa\u00eds de origen. Actualmente la frontera del norte de M\u00e9xico se encuentra cerrada para familias y adultos que deseen solicitar Asilo, as\u00ed que la abogada Kate desaconseja hacerlo en \u00e9ste momento, adem\u00e1s de mencionar que ahora mismo hay muchos refugiados viviendo en la frontera.<\/p>\n<p>Karla nos ley\u00f3 una pregunta de uno de nuestros seguidores en Facebook:<\/p>\n<p><strong><em>\u00abYo obtuve mi ciudadan\u00eda hace un mes y me gustar\u00eda peticionar a mi mam\u00e1 pero ella tiene la enfermedad de Alzheimer y no [se] puede comunicar como antes, \u00bfpuedo peticionar[la a] ella aunque ella no puede hablar?\u00bb<\/em><\/strong><\/p>\n<p>De acuerdo con lo indicado por la abogada Kate, no es necesario que la familiar de quien nos env\u00eda la pregunta pueda hablar para poder hacer la petici\u00f3n. Es necesario conocer m\u00e1s informaci\u00f3n sobre la situaci\u00f3n, por ejemplo en d\u00f3nde se encuentra ella, qui\u00e9n la est\u00e1 cuidando o si se encuentra en los Estados Unidos. Ser\u00eda diferente si ella tuviese que responder preguntas acerca del Gobierno y la Constituci\u00f3n como si estuviese aplicando para la Ciudadan\u00eda, pero en \u00e9ste caso el proceso es diferente para solicitar la Residencia Permanente.<\/p>\n<p>En caso de tener preguntas adicionales sobre procesos migratorios, o si se encuentra en una situaci\u00f3n econ\u00f3mica dif\u00edcil a causa de sus deudas, no dude en contactarnos para una consulta gratuita al\u00a0<a href=\"tel:+1-855-502-0555\">(855) 502-0555<\/a>. En 10 minutos le diremos qu\u00e9 opciones tiene en su caso y podremos informarle tambi\u00e9n sobre los alivios migratorios que tenemos disponibles. Puede seguirnos tambi\u00e9n en nuestras redes sociales\u00a0<a href=\"https:\/\/www.facebook.com\/lincolngoldfinch\" target=\"_blank\" rel=\"noopener noreferrer\">Facebook<\/a>,\u00a0<a href=\"https:\/\/www.instagram.com\/lincolngoldfinchlaw\/?hl=en\" target=\"_blank\" rel=\"noopener noreferrer\">Instagram<\/a>,\u00a0<a href=\"https:\/\/www.tiktok.com\/@lincolngoldfinchlaw\/live\" target=\"_blank\" rel=\"noopener noreferrer\">TikTok<\/a>\u00a0y\u00a0<a href=\"https:\/\/www.youtube.com\/c\/Lincolngoldfinchlawatx\/\" target=\"_blank\" rel=\"noopener noreferrer\">YouTube<\/a>.<\/p>\n<\/div><div class=\"fusion-title title fusion-title-1 fusion-sep-none fusion-title-center fusion-title-text fusion-title-size-two\" style=\"--awb-margin-top-small:10px;--awb-margin-right-small:0px;--awb-margin-bottom-small:10px;--awb-margin-left-small:0px;\"><h2 class=\"fusion-title-heading title-heading-center\" style=\"margin:0;\">Preguntas Frecuentes Sobre Actualizaciones De Asilo<\/h2><\/div><div class=\"accordian fusion-accordian\" style=\"--awb-border-size:1px;--awb-icon-size:16px;--awb-content-font-size:var(--awb-typography4-font-size);--awb-icon-alignment:left;--awb-hover-color:var(--awb-color2);--awb-border-color:var(--awb-color3);--awb-background-color:var(--awb-color1);--awb-divider-color:var(--awb-color3);--awb-divider-hover-color:var(--awb-color3);--awb-icon-color:var(--awb-color1);--awb-title-color:var(--awb-color8);--awb-content-color:var(--awb-color8);--awb-icon-box-color:var(--awb-color8);--awb-toggle-hover-accent-color:var(--awb-color5);--awb-title-font-family:var(--awb-typography1-font-family);--awb-title-font-weight:var(--awb-typography1-font-weight);--awb-title-font-style:var(--awb-typography1-font-style);--awb-title-font-size:var(--awb-typography1-font-size);--awb-content-font-family:var(--awb-typography4-font-family);--awb-content-font-weight:var(--awb-typography4-font-weight);--awb-content-font-style:var(--awb-typography4-font-style);\"><div class=\"panel-group fusion-toggle-icon-boxed\" id=\"accordion-14278-1\"><div class=\"fusion-panel panel-default panel-881f8e3549aaf73a6 fusion-toggle-has-divider\" style=\"--awb-title-font-size:20px;\"><div class=\"panel-heading\"><h3 class=\"panel-title toggle\" id=\"toggle_881f8e3549aaf73a6\"><a aria-expanded=\"false\" aria-controls=\"881f8e3549aaf73a6\" role=\"button\" data-toggle=\"collapse\" data-parent=\"#accordion-14278-1\" data-target=\"#881f8e3549aaf73a6\" href=\"#881f8e3549aaf73a6\"><span class=\"fusion-toggle-icon-wrapper\" aria-hidden=\"true\"><i class=\"fa-fusion-box active-icon awb-icon-minus\" aria-hidden=\"true\"><\/i><i class=\"fa-fusion-box inactive-icon awb-icon-plus\" aria-hidden=\"true\"><\/i><\/span><span class=\"fusion-toggle-heading\">\u00bfCu\u00e1les Son Las Actualizaciones De La Normativa?<\/span><\/a><\/h3><\/div><div id=\"881f8e3549aaf73a6\" class=\"panel-collapse collapse \" aria-labelledby=\"toggle_881f8e3549aaf73a6\"><div class=\"panel-body toggle-content fusion-clearfix\">\n<p>El cambio establece que el Tribunal de Apelaci\u00f3n no puede anular la decisi\u00f3n y volver a empezar el caso. A su vez, deben centrarse \u00fanicamente en la cuesti\u00f3n que fue decisiva para la concesi\u00f3n del asilo.\u00a0Este cambio afecta a las personas que han perdido sus casos, o que han ganado sus casos, pero es el Estado quien decide apelar la decisi\u00f3n.<\/p>\n<\/div><\/div><\/div><div class=\"fusion-panel panel-default panel-a8115ff365cdfc866 fusion-toggle-has-divider\" style=\"--awb-title-font-size:20px;\"><div class=\"panel-heading\"><h3 class=\"panel-title toggle\" id=\"toggle_a8115ff365cdfc866\"><a aria-expanded=\"false\" aria-controls=\"a8115ff365cdfc866\" role=\"button\" data-toggle=\"collapse\" data-parent=\"#accordion-14278-1\" data-target=\"#a8115ff365cdfc866\" href=\"#a8115ff365cdfc866\"><span class=\"fusion-toggle-icon-wrapper\" aria-hidden=\"true\"><i class=\"fa-fusion-box active-icon awb-icon-minus\" aria-hidden=\"true\"><\/i><i class=\"fa-fusion-box inactive-icon awb-icon-plus\" aria-hidden=\"true\"><\/i><\/span><span class=\"fusion-toggle-heading\">\u00bfCu\u00e1ndo Es Un Buen Momento Para Presentar La Renovaci\u00f3n De DACA?<\/span><\/a><\/h3><\/div><div id=\"a8115ff365cdfc866\" class=\"panel-collapse collapse \" aria-labelledby=\"toggle_a8115ff365cdfc866\"><div class=\"panel-body toggle-content fusion-clearfix\">\n<p>En caso de que ya haya caducado en abril de 2021, Kate aconseja presentar la solicitud de renovaci\u00f3n lo antes posible, teniendo en cuenta tambi\u00e9n la \u00faltima sentencia dictada por el juez Hanen. Es importante planificar con antelaci\u00f3n, por lo que si expira en abril de 2022 todav\u00eda hay tiempo para presentar la solicitud de renovaci\u00f3n; lo mejor ser\u00eda presentarla entre 4 y 6 meses antes del vencimiento.<\/p>\n<\/div><\/div><\/div><div class=\"fusion-panel panel-default panel-649d48b89ce2c6f9b fusion-toggle-has-divider\" style=\"--awb-title-font-size:20px;\"><div class=\"panel-heading\"><h3 class=\"panel-title toggle\" id=\"toggle_649d48b89ce2c6f9b\"><a aria-expanded=\"false\" aria-controls=\"649d48b89ce2c6f9b\" role=\"button\" data-toggle=\"collapse\" data-parent=\"#accordion-14278-1\" data-target=\"#649d48b89ce2c6f9b\" href=\"#649d48b89ce2c6f9b\"><span class=\"fusion-toggle-icon-wrapper\" aria-hidden=\"true\"><i class=\"fa-fusion-box active-icon awb-icon-minus\" aria-hidden=\"true\"><\/i><i class=\"fa-fusion-box inactive-icon awb-icon-plus\" aria-hidden=\"true\"><\/i><\/span><span class=\"fusion-toggle-heading\">\u00bfCu\u00e1l Es La Definici\u00f3n De Asilo?<\/span><\/a><\/h3><\/div><div id=\"649d48b89ce2c6f9b\" class=\"panel-collapse collapse \" aria-labelledby=\"toggle_649d48b89ce2c6f9b\"><div class=\"panel-body toggle-content fusion-clearfix\">\n<p>Hay dos tipos diferentes de casos que se pueden presentar: Asilo afirmativo y Asilo defensivo. El Asilo Afirmativo es solicitado por una persona que ha entrado ilegalmente sin ser detenida por las autoridades o que ha entrado legalmente utilizando una Visa. Esta solicitud se presenta y se realiza una entrevista con un Oficial de Asilo; estos solicitantes no son llevados ante el Tribunal de Inmigraci\u00f3n.<\/p>\n<\/div><\/div><\/div><\/div><\/div><script type=\"application\/ld+json\">\n{\n\"@context\": \"https:\/\/schema.org\",\n\"@type\": \"FAQPage\",\n\"mainEntity\": [{\n\"@type\": \"Question\",\n\"name\": \"\u00bfCu\u00e1les Son Las Actualizaciones De La Normativa?\",\n\"acceptedAnswer\": {\n\"@type\": \"Answer\",\n\"text\": \"<p>El cambio establece que el Tribunal de Apelaci\u00f3n no puede anular la decisi\u00f3n y volver a empezar el caso. A su vez, deben centrarse \u00fanicamente en la cuesti\u00f3n que fue decisiva para la concesi\u00f3n del asilo.\u00a0Este cambio afecta a las personas que han perdido sus casos, o que han ganado sus casos, pero es el Estado quien decide apelar la decisi\u00f3n.<\/p>\"\n}\n}, {\n\"@type\": \"Question\",\n\"name\": \"\u00bfCu\u00e1ndo Es Un Buen Momento Para Presentar La Renovaci\u00f3n De DACA?\",\n\"acceptedAnswer\": {\n\"@type\": \"Answer\",\n\"text\": \"<p>En caso de que ya haya caducado en abril de 2021, Kate aconseja presentar la solicitud de renovaci\u00f3n lo antes posible, teniendo en cuenta tambi\u00e9n la \u00faltima sentencia dictada por el juez Hanen. Es importante planificar con antelaci\u00f3n, por lo que si expira en abril de 2022 todav\u00eda hay tiempo para presentar la solicitud de renovaci\u00f3n; lo mejor ser\u00eda presentarla entre 4 y 6 meses antes del vencimiento.<\/p>\"\n}\n}, {\n\"@type\": \"Question\",\n\"name\": \"\u00bfCu\u00e1l Es La Definici\u00f3n De Asilo?\",\n\"acceptedAnswer\": {\n\"@type\": \"Answer\",\n\"text\": \"<p>Hay dos tipos diferentes de casos que se pueden presentar: Asilo afirmativo y Asilo defensivo. El Asilo Afirmativo es solicitado por una persona que ha entrado ilegalmente sin ser detenida por las autoridades o que ha entrado legalmente utilizando una Visa. Esta solicitud se presenta y se realiza una entrevista con un Oficial de Asilo; estos solicitantes no son llevados ante el Tribunal de Inmigraci\u00f3n.<\/p>\"\n}\n}]\n}\n<\/script><\/div><\/div><\/div><\/div>\n<div class=\"gsp_post_data\" \r\n\t            data-post_type=\"post\" \r\n\t            data-cat=\"vlog,asilo-vlogs-es,inmigracion-vlogs-es\" \r\n\t            data-modified=\"120\"\r\n\t            data-created=\"1632712516\"\r\n\t            data-title=\"\u00daltimas actualizaciones sobre el asilo\" \r\n\t            data-home=\"https:\/\/www.lincolngoldfinch.com\/es\/\"><\/div>","protected":false},"excerpt":{"rendered":"","protected":false},"author":1,"featured_media":14300,"comment_status":"closed","ping_status":"closed","sticky":false,"template":"","format":"video","meta":{"_acf_changed":false,"rop_custom_images_group":[],"rop_custom_messages_group":[],"rop_publish_now":"initial","rop_publish_now_accounts":[],"rop_publish_now_history":[],"rop_publish_now_status":"pending","_analytify_skip_tracking":false,"rank_math_title":"Proceso de asilo - Ultimas actualizaciones en la legislaci\u00f3n","rank_math_description":"Encuentre aqu\u00ed los cambios que se han hecho recientemente en el proceso de Asilo, a qui\u00e9nes afectan y en qu\u00e9 casos puede aplicar","rank_math_focus_keyword":"Proceso De Asilo","rank_math_canonical_url":"","footnotes":""},"categories":[1934,1927,1938],"class_list":["post-14278","post","type-post","status-publish","format-video","has-post-thumbnail","hentry","category-vlog","category-asilo-vlogs-es","category-inmigracion-vlogs-es","post_format-post-format-video"],"acf":[],"_links":{"self":[{"href":"https:\/\/www.lincolngoldfinch.com\/es\/wp-json\/wp\/v2\/posts\/14278","targetHints":{"allow":["GET"]}}],"collection":[{"href":"https:\/\/www.lincolngoldfinch.com\/es\/wp-json\/wp\/v2\/posts"}],"about":[{"href":"https:\/\/www.lincolngoldfinch.com\/es\/wp-json\/wp\/v2\/types\/post"}],"author":[{"embeddable":true,"href":"https:\/\/www.lincolngoldfinch.com\/es\/wp-json\/wp\/v2\/users\/1"}],"replies":[{"embeddable":true,"href":"https:\/\/www.lincolngoldfinch.com\/es\/wp-json\/wp\/v2\/comments?post=14278"}],"version-history":[{"count":0,"href":"https:\/\/www.lincolngoldfinch.com\/es\/wp-json\/wp\/v2\/posts\/14278\/revisions"}],"wp:featuredmedia":[{"embeddable":true,"href":"https:\/\/www.lincolngoldfinch.com\/es\/wp-json\/wp\/v2\/media\/14300"}],"wp:attachment":[{"href":"https:\/\/www.lincolngoldfinch.com\/es\/wp-json\/wp\/v2\/media?parent=14278"}],"wp:term":[{"taxonomy":"category","embeddable":true,"href":"https:\/\/www.lincolngoldfinch.com\/es\/wp-json\/wp\/v2\/categories?post=14278"}],"curies":[{"name":"wp","href":"https:\/\/api.w.org\/{rel}","templated":true}]}}