{"id":13635,"date":"2021-09-20T02:13:16","date_gmt":"2021-09-19T18:13:16","guid":{"rendered":"https:\/\/www.lincolngoldfinchfirm.com\/?p=13635"},"modified":"2026-04-21T11:16:13","modified_gmt":"2026-04-21T16:16:13","slug":"permiso-de-viaje-y-planes-de-verano-inmigracion","status":"publish","type":"post","link":"https:\/\/www.lincolngoldfinch.com\/es\/vlog\/permiso-de-viaje-y-planes-de-verano-inmigracion\/","title":{"rendered":"Actualizaciones de verano y planes de viaje"},"content":{"rendered":"<div class=\"fusion-fullwidth fullwidth-box fusion-builder-row-1 fusion-flex-container nonhundred-percent-fullwidth non-hundred-percent-height-scrolling\" style=\"--awb-border-radius-top-left:0px;--awb-border-radius-top-right:0px;--awb-border-radius-bottom-right:0px;--awb-border-radius-bottom-left:0px;--awb-padding-right:0px;--awb-padding-left:0px;--awb-flex-wrap:wrap;\" ><div class=\"fusion-builder-row fusion-row fusion-flex-align-items-flex-start fusion-flex-content-wrap\" style=\"max-width:1331.2px;margin-left: calc(-4% \/ 2 );margin-right: calc(-4% \/ 2 );\"><div class=\"fusion-layout-column fusion_builder_column fusion-builder-column-0 fusion_builder_column_1_1 1_1 fusion-flex-column\" style=\"--awb-padding-top:0px;--awb-padding-right:0px;--awb-padding-bottom:0px;--awb-padding-left:0px;--awb-bg-size:cover;--awb-width-large:100%;--awb-margin-top-large:0px;--awb-spacing-right-large:1.92%;--awb-margin-bottom-large:20px;--awb-spacing-left-large:1.92%;--awb-width-medium:100%;--awb-order-medium:0;--awb-spacing-right-medium:1.92%;--awb-spacing-left-medium:1.92%;--awb-width-small:100%;--awb-order-small:0;--awb-spacing-right-small:1.92%;--awb-spacing-left-small:1.92%;\"><div class=\"fusion-column-wrapper fusion-column-has-shadow fusion-flex-justify-content-flex-start fusion-content-layout-column\"><div class=\"fusion-text fusion-text-1\" style=\"--awb-text-transform:none;\"><p style=\"text-align: center;\"><strong>\u201dEl Show Sin Fronteras\u201d<\/strong><\/p>\n<\/div><div class=\"fusion-text fusion-text-2\" style=\"--awb-margin-top:20px;\"><p>Los anfitriones de nuestra transmisi\u00f3n de hoy fueron Karla Ar\u00e9valo, Fidel Camupzano y la abogada Kate Lincoln-Goldfinch. Nuestro tema fue las recientes actualizaciones que fueron emitidas sobre el programa DACA, los planes de verano y los\u00a0<em>Permisos de Viaje<\/em>, que son temas que conciernen a la comunidad inmigrante en \u00e9sta \u00e9poca del a\u00f1o.<\/p>\n<h2>Noticias sobre DACA<\/h2>\n<p>La actualizaci\u00f3n m\u00e1s reciente que tenemos de DACA es respecto a una demanda presentada recientemente. El Procurador General del Estado de Texas, Ken Paxton, present\u00f3 una demanda respaldada por otros ocho estados donde alegaba la ilegalidad del programa DACA, argumentando que cuando \u00e9ste fue establecido por el ex-presidente Obama, no sigui\u00f3 el proceso regular de aprobaci\u00f3n donde se permiten espacios de participaci\u00f3n p\u00fablica por lo que lo calific\u00f3 de ilegal.<\/p>\n<p>El pasado viernes 16 de julio el Juez Federal Andrew Hanen fall\u00f3 a favor deteniendo la posibilidad de presentar una\u00a0<a href=\"https:\/\/www.lincolngoldfinch.com\/es\/daca-presentar-solicitud-inicial\/\">solicitud inicial de DACA<\/a>, sin embargo\u00a0<strong>e<\/strong><strong>ste fallo a\u00fan permite que las solicitudes de renovaci\u00f3n sean presentadas y aprobadas de manera usual.<\/strong><\/p>\n<p>Kate se mantiene esperanzada en que \u00e9sta demanda va a ser resuelta satisfactoriamente para la comunidad inmigrante y nos coment\u00f3 que cree que hay dos salidas: la primera, que ya ha sido confirmada por la administraci\u00f3n actual que respalda completamente a los Dreamers, es que van a presentar una apelaci\u00f3n contra la orden del juez.<\/p>\n<p>La segunda se basa en que el Presidente Biden tiene el poder y la autoridad para anunciar un sustituto del programa DACA haciendo uso del proceso regular de aprobaci\u00f3n, incluyendo el correspondiente periodo de participaci\u00f3n y comentarios p\u00fablicos.<\/p>\n<p>De igual manera el Congreso tiene la autoridad para pasar una nueva ley, de manera que ser\u00eda la mejor opci\u00f3n dado que brindar\u00eda una alternativa de arreglar su estatus legalmente para los \u2018Dreamers\u2019.<\/p>\n<div id=\"attachment_13712\" class=\"wp-caption alignleft\">\n<p><img decoding=\"async\" class=\"wp-image-13712 size-full\" src=\"https:\/\/www.lincolngoldfinch.com\/wp-content\/uploads\/2021\/09\/planes-de-viaje-permiso-de-reingreso-consulta-legal-gratuita-texas.jpg\" alt=\"Permiso De Viaje Consulta Legal Gratuita\" width=\"300\" height=\"199\" aria-describedby=\"caption-attachment-13712\" \/><\/p>\n<p id=\"caption-attachment-13712\" class=\"wp-caption-text\">Las Solicitudes de Renovaci\u00f3n de DACA A\u00fan Pueden Ser Procesadas<\/p>\n<\/div>\n<p>A diario recibimos llamadas de nuestros clientes pregunt\u00e1ndonos c\u00f3mo proceder en \u00e9ste caso con sus aplicaciones iniciales de DACA.<\/p>\n<p><strong>La decisi\u00f3n est\u00e1 en manos de cada uno, sin embargo, aconsejamos no dejar de lado su proceso.<\/strong><\/p>\n<p>Es importante tener en cuenta por ejemplo que para aplicar es necesario recolectar evidencia para demostrar que se ha estado permanentemente en el pa\u00eds desde 2007 hasta 2021, al menos de cada tres meses.<\/p>\n<p>Entre los documentos que pueden utilizarse para respaldar esto se encuentran registros acad\u00e9micos, recibos telef\u00f3nicos,\u00a0 inscripciones al gimnasio, registros de empleadores anteriores, extractos bancarios, entre otros.<\/p>\n<p>Recolectar esta informaci\u00f3n toma tiempo, adem\u00e1s es necesario considerar que se debe pagar una tasa de presentaci\u00f3n de $495 USD. De igual manera, el\u00a0<a href=\"https:\/\/www.uscis.gov\/es\" target=\"_blank\" rel=\"noopener noreferrer\">Servicio de Ciudadan\u00eda e Inmigraci\u00f3n de los Estados Unidos<\/a>\u00a0(United States Citizenship and Immigration Services \u2013 USCIS) sigue recibiendo las solicitudes iniciales, la \u00fanica diferencia es que no est\u00e1 autorizado para procesarlas.<\/p>\n<h3>\u00bfA qu\u00e9 te puedes enfrentar si presentas tu solicitud en este momento?<\/h3>\n<p>Los \u00fanicos riesgos que corren las personas que lo presenten es llegar a perder el dinero pagado al presentar la solicitud, y que de alguna manera ahora estar\u00e1n \u201cbajo el radar\u201d de inmigraci\u00f3n.<\/p>\n<p>Sin embargo la abogada Kate piensa que es seguro hacerlo, ya que lo m\u00e1s probable es que el programa no vaya a ser eliminado sino modificado.<\/p>\n<p>Los\u00a0<strong>factores de elegibilidad<\/strong>\u00a0siguen siendo a grosso modo, los mismos:<\/p>\n<ul>\n<li aria-level=\"1\">Haber entrado a los Estados Unidos antes de cumplir los 16 a\u00f1os de edad, o antes del 15 de junio de 2007<\/li>\n<li aria-level=\"1\">Haber nacido despu\u00e9s del 15 de junio de 1981<\/li>\n<li aria-level=\"1\">Haber aprobado el GED (Examen General del Desarrollo de la Educaci\u00f3n \u2013 General Educational Development Test) o estar tomando clases para el GED.<\/li>\n<\/ul>\n<h2>\u00bfMi hijastro puede pedirme?<\/h2>\n<p>Como es usual, recibimos y respondimos algunas preguntas en vivo de nuestros seguidores.<\/p>\n<p><em>\u201cBuenas tardes. Yo estoy casado, pero separado. Mi hijastro ten\u00eda 14 a\u00f1os, ahora tiene 26 y es ciudadano. Est\u00e1 pidiendo a su mam\u00e1 pero a mi no. \u00bfTengo alguna alternativa?\u201d<\/em><\/p>\n<p>Bajo la Ley de Inmigraci\u00f3n \u00e9l ser\u00eda como el pap\u00e1 biol\u00f3gico del hijastro, sin importar que se haya divorciado o no, entonces de acuerdo con eso s\u00ed podr\u00eda ser pedido por \u00e9l.<\/p>\n<p>La abogada Kate mencion\u00f3 adem\u00e1s que hay un requisito que se debe cumplir y es que \u00e9l debe haber seguido en contacto con su hijastro.<\/p>\n<p>Adicionalmente es necesario, como en todos los casos, evaluar el historial migratorio de quien nos env\u00eda la pregunta, para poder brindar informaci\u00f3n m\u00e1s acertada y espec\u00edfica basados en sus entradas y salidas del pa\u00eds, arrestos, etc.<\/p>\n<h2>Cancelaci\u00f3n de deportaci\u00f3n y residencia<\/h2>\n<p>Fidel nos ley\u00f3 una pregunta de otro de nuestros seguidores en TikTok:<\/p>\n<p><em>\u201cAbogada buenas tardes, yo quisiera saber qu\u00e9 caso tiene prioridad. Porque no tengo corte de cancelaci\u00f3n de deportaci\u00f3n hasta el 2023, pero descubr\u00ed que la petici\u00f3n que mi esposa hizo en el 2008 hab\u00eda sido aprobada en ese a\u00f1o. El abogado que ten\u00edamos no me inform\u00f3 y me cambi\u00e9 de domicilio. Lo descubr\u00ed apenas \u00e9ste a\u00f1o y le dije a mi abogado actual. \u00c9l hizo una copia y lo envi\u00f3 por fax junto con la carta de corte de cancelaci\u00f3n de deportaci\u00f3n. Yo quisiera saber cu\u00e1l de los dos casos tiene prioridad: si la cancelaci\u00f3n o la [forma] I-130 que todav\u00eda est\u00e1 abierto el caso\u201d<\/em><\/p>\n<p>De acuerdo con lo que respondi\u00f3 la abogada Kate, es posible tener dos casos al mismo tiempo.<\/p>\n<p>En ese caso uno, defendi\u00e9ndose de la deportaci\u00f3n, asegurando que ha estado en el pa\u00eds por m\u00e1s de 10 a\u00f1os, en un matrimonio de buena fe y de buen car\u00e1cter moral.<\/p>\n<p>Y el otro, presentando la\u00a0<a href=\"https:\/\/www.uscis.gov\/es\/i-130\" target=\"_blank\" rel=\"noopener noreferrer\">Forma I-130<\/a>\u00a0que est\u00e1 en proceso, que no es necesario que sea aprobada para continuar con el caso ante el Juez.<\/p>\n<p>Lo que sucede es que los procesos que se encuentran en la Corte est\u00e1n muy atrasados.<\/p>\n<p>Ya que incluso antes de la pandemia ten\u00edan aproximadamente m\u00e1s de 1000 casos pendientes, no cuentan con suficientes jueces de inmigraci\u00f3n y cerraron por casi un a\u00f1o.<\/p>\n<p>Por esta raz\u00f3n es normal tener una audiencia con fecha de 2022 o 2023.<\/p>\n<p>No es posible ajustar el estatus solamente con una petici\u00f3n familiar por medio de una Forma I-130.<\/p>\n<p>Hay varios factores que deben tenerse en cuenta, como por ejemplo la manera en que la persona entr\u00f3 al pa\u00eds, su historia.<\/p>\n<p>Ser\u00eda posible ajustar a un estatus de Residente Permanente en caso de que haya entrado con una Visa o si su c\u00f3nyuge prest\u00f3 servicio en las fuerzas armadas.<\/p>\n<p>Sin embargo, si entr\u00f3 al pa\u00eds sin Visa no calificar\u00eda para el ajuste de estatus.<\/p>\n<p>Adem\u00e1s de eso, es necesario que se cierre el caso ante el Juez antes de poder cerrarlo ante Inmigraci\u00f3n.<\/p>\n<h2>\u00bfQu\u00e9 puedo hacer si estoy en proceso de DACA?<\/h2>\n<p>Durante nuestra transmisi\u00f3n recibimos otra pregunta, esta vez de una seguidora en Facebook:<\/p>\n<p><em>\u201c\u00bfQu\u00e9 noticias hay o qu\u00e9 recomendaci\u00f3n me dan sobre los que ya ten\u00edan su solicitud metida para DACA? Mi hija ya hab\u00eda ido a las huellas en mayo 26 y la semana pasada le lleg\u00f3 una carta para hacer una cuenta en la web del USCIS y su caso sigue en \u2018actively reviewed\u2019.\u201d<\/em><\/p>\n<p>Desafortunadamente \u00e9ste caso se encuentra en el mismo grupo de casos que en el momento no pueden ser procesados ni aprobados debido a la decisi\u00f3n del Juez Hanen.<\/p>\n<p>Sin embargo la abogada Kate expres\u00f3 que ella espera que este fallo se resuelva pronto a favor de los \u2018Dreamers\u2019, de manera que las solicitudes que ya se hayan presentado para entonces, ser\u00e1n las primeras en ser procesadas.<\/p>\n<p>El consejo de la abogada es claro: no deje de preparar o presentar su solicitud de DACA, ya que esto toma tiempo.<b><\/b><\/p>\n<p><b><img decoding=\"async\" class=\"size-full wp-image-13714 aligncenter\" src=\"https:\/\/www.lincolngoldfinch.com\/wp-content\/uploads\/2021\/09\/planes-de-verano-inmigrantes-permiso-de-reingreso-abogada-de-inmigracion-texas.jpg\" alt=\"Planes De Viaje Abogado De Inmigracion\" width=\"660\" height=\"121\" \/><\/b><\/p>\n<h2>Viajes de verano<\/h2>\n<p>Cada semana se llevan a cabo reuniones del equipo de Lincoln-Goldfinch Law &#8211; Abogados de Inmigraci\u00f3n para analizar y discutir las preguntas que recibimos de nuestros clientes. Una de ellas, como nos coment\u00f3 la abogada Kate, era de parte de un Residente Permanente que est\u00e1 solicitando la Ciudadan\u00eda pero su Tarjeta de Residente est\u00e1 pronta a vencer y no sabe si ser\u00e1 posible para \u00e9l viajar.<\/p>\n<p>Respecto a esta pregunta Kate coment\u00f3 que\u00a0<strong>si alguien est\u00e1 aplicando para la ciudadan\u00eda m\u00e1s de 6 meses antes de que expire su Tarjeta de Residencia, es posible obtener un sello en el pasaporte para poder viajar sin necesidad de renovar la tarjeta.<\/strong><\/p>\n<p>Contrario a esto, en caso de que se venza en menos de 6 meses o est\u00e9 ya vencida, el procedimiento ser\u00eda renovar la Tarjeta de Residencia y posteriormente enviar la solicitud para la Ciudadan\u00eda, para poder obtener el sello en el pasaporte.<\/p>\n<h2>\u00bfPuedo viajar fuera del pa\u00eds con DACA?<\/h2>\n<p>Una de las preguntas que m\u00e1s recibimos a diario a ra\u00edz de este fallo reciente dado por el Juez Hanen es si a\u00fan es posible solicitar un Permiso Adelantado de Viaje.<\/p>\n<p><strong>En el momento las solicitudes de Permisos de Viaje no se han visto afectadas, ya que son independientes del programa DACA.<\/strong><\/p>\n<div id=\"attachment_13716\" class=\"wp-caption alignright\">\n<p><img decoding=\"async\" class=\"wp-image-13716 size-full\" src=\"https:\/\/www.lincolngoldfinch.com\/wp-content\/uploads\/2021\/09\/permiso-de-viaje-planes-de-verano-visas-abogados-de-inmigracion-texas.jpg\" alt=\"Permiso De Viaje Inmigrantes DACA\" width=\"300\" height=\"207\" aria-describedby=\"caption-attachment-13716\" \/><\/p>\n<p id=\"caption-attachment-13716\" class=\"wp-caption-text\">Es Importante Planear Con Anticipaci\u00f3n Sus Viajes De Verano<\/p>\n<\/div>\n<p>Este tipo de solicitudes usualmente toman unos 3 meses en ser aprobadas, por lo que la abogada Kate aconseja no dejar de preparar y\/o presentar estas solicitudes.<\/p>\n<p>As\u00ed mismo el director del USCIS mencion\u00f3 que siguen recibiendo solicitudes de Permisos Adelantados de Viaje, sin embargo es entendible si se prefiere esperar a que haya una resoluci\u00f3n definitiva sobre el programa.<\/p>\n<p>Existen 3 razones por las que un beneficiario del programa DACA podr\u00eda aplicar a un Permiso:<\/p>\n<ul>\n<li aria-level=\"1\">Razones humanitarias<\/li>\n<li aria-level=\"1\">Empleo<\/li>\n<li aria-level=\"1\">Educaci\u00f3n<\/li>\n<\/ul>\n<h2>Permisos de trabajo y visas U<\/h2>\n<p>Otra de nuestras seguidoras formul\u00f3 la siguiente pregunta v\u00eda Facebook:<\/p>\n<p><em>\u201cHola, buenas tardes. Yo quiero saber qu\u00e9 est\u00e1 pasando con las Visas U. \u00bfCu\u00e1nto tiempo va a tardar para que les den sus permisos de trabajo a quienes ya tuvieron su cita de huellas?\u201d<\/em><\/p>\n<p><em>Las Visas de tipo U son las que se otorgan a personas que han sido v\u00edctimas de delitos tales como robo, secuestro, asalto, violaci\u00f3n, entre otros, y que han colaborado con las autoridades en sus investigaciones.<\/em><\/p>\n<p>Las autoridades emiten un certificado indicando esto y con ese documento es posible solicitar una Visa U.<\/p>\n<p>Este tipo de Visa tiene un tope anual de 10.000 y puede incluir a familiares, c\u00f3nyuges o hijos de la persona que ha sido v\u00edctima, adem\u00e1s de proporcionar un perd\u00f3n para incidentes como antecedentes penales, salidas o entradas al pa\u00eds, entre otros.<\/p>\n<p>Respecto a la pregunta, la abogada Kate indic\u00f3 que la administraci\u00f3n hab\u00eda anunciado que iba a garantizar Permisos de Trabajo a quienes hubiesen enviado la documentaci\u00f3n correspondiente y hubiesen asistido a la cita de las huellas digitales.<\/p>\n<p>Sin embargo, el tiempo de espera es a\u00fan incierto, ya que durante la pandemia las citas estuvieron en pausa por casi 9 meses, y a\u00fan est\u00e1n tratando de ponerse al d\u00eda con todas las solicitudes pendientes.<\/p>\n<p>En caso de que tengas preguntas adicionales sobre tu caso espec\u00edfico de inmigraci\u00f3n, no dudes en llamarnos al <a href=\"tel:+1-855-502-0555\">(855) 502-0555<\/a>\u00a0para programar tu consulta gratuita. No olvides que puedes seguirnos en nuestras redes sociales\u00a0<a href=\"https:\/\/www.facebook.com\/lincolngoldfinch\" target=\"_blank\" rel=\"noopener noreferrer\">Facebook<\/a>,\u00a0<a href=\"https:\/\/www.tiktok.com\/@lincolngoldfinchlaw\/live\" target=\"_blank\" rel=\"noopener noreferrer\">TikTok<\/a>,\u00a0<a href=\"https:\/\/www.instagram.com\/lincolngoldfinchlaw\/?hl=en\" target=\"_blank\" rel=\"noopener noreferrer\">Instagram<\/a>\u00a0y\u00a0<a href=\"https:\/\/www.youtube.com\/c\/Lincolngoldfinchlawatx\/\" target=\"_blank\" rel=\"noopener noreferrer\">YouTube<\/a>.<\/p>\n<\/div><div class=\"fusion-title title fusion-title-1 fusion-sep-none fusion-title-center fusion-title-text fusion-title-size-two\" style=\"--awb-margin-top-small:10px;--awb-margin-right-small:0px;--awb-margin-bottom-small:10px;--awb-margin-left-small:0px;\"><h2 class=\"fusion-title-heading title-heading-center\" style=\"margin:0;\">Preguntas frecuentes sobre planes de viaje<\/h2><\/div><div class=\"accordian fusion-accordian\" style=\"--awb-border-size:1px;--awb-icon-size:16px;--awb-content-font-size:var(--awb-typography4-font-size);--awb-icon-alignment:left;--awb-hover-color:var(--awb-color2);--awb-border-color:var(--awb-color3);--awb-background-color:var(--awb-color1);--awb-divider-color:var(--awb-color3);--awb-divider-hover-color:var(--awb-color3);--awb-icon-color:var(--awb-color1);--awb-title-color:var(--awb-color8);--awb-content-color:var(--awb-color8);--awb-icon-box-color:var(--awb-color8);--awb-toggle-hover-accent-color:var(--awb-color5);--awb-title-font-family:var(--awb-typography1-font-family);--awb-title-font-weight:var(--awb-typography1-font-weight);--awb-title-font-style:var(--awb-typography1-font-style);--awb-title-font-size:var(--awb-typography1-font-size);--awb-content-font-family:var(--awb-typography4-font-family);--awb-content-font-weight:var(--awb-typography4-font-weight);--awb-content-font-style:var(--awb-typography4-font-style);\"><div class=\"panel-group fusion-toggle-icon-boxed\" id=\"accordion-13635-1\"><div class=\"fusion-panel panel-default panel-1bad7647251edb0be fusion-toggle-has-divider\" style=\"--awb-title-font-size:20px;\"><div class=\"panel-heading\"><h3 class=\"panel-title toggle\" id=\"toggle_1bad7647251edb0be\"><a aria-expanded=\"false\" aria-controls=\"1bad7647251edb0be\" role=\"button\" data-toggle=\"collapse\" data-parent=\"#accordion-13635-1\" data-target=\"#1bad7647251edb0be\" href=\"#1bad7647251edb0be\"><span class=\"fusion-toggle-icon-wrapper\" aria-hidden=\"true\"><i class=\"fa-fusion-box active-icon awb-icon-minus\" aria-hidden=\"true\"><\/i><i class=\"fa-fusion-box inactive-icon awb-icon-plus\" aria-hidden=\"true\"><\/i><\/span><span class=\"fusion-toggle-heading\">Actualizaciones de DACA<\/span><\/a><\/h3><\/div><div id=\"1bad7647251edb0be\" class=\"panel-collapse collapse \" aria-labelledby=\"toggle_1bad7647251edb0be\"><div class=\"panel-body toggle-content fusion-clearfix\">\n<p>El pasado viernes 16 de julio, el juez federal Andrew Hanen fall\u00f3 a favor de detener la posibilidad de presentar una solicitud inicial de DACA, sin embargo, este fallo todav\u00eda permite que las solicitudes de renovaci\u00f3n sean presentadas y aprobadas de la manera habitual.<\/p>\n<\/div><\/div><\/div><div class=\"fusion-panel panel-default panel-26bb5291b878fd1ca fusion-toggle-has-divider\" style=\"--awb-title-font-size:20px;\"><div class=\"panel-heading\"><h3 class=\"panel-title toggle\" id=\"toggle_26bb5291b878fd1ca\"><a aria-expanded=\"false\" aria-controls=\"26bb5291b878fd1ca\" role=\"button\" data-toggle=\"collapse\" data-parent=\"#accordion-13635-1\" data-target=\"#26bb5291b878fd1ca\" href=\"#26bb5291b878fd1ca\"><span class=\"fusion-toggle-icon-wrapper\" aria-hidden=\"true\"><i class=\"fa-fusion-box active-icon awb-icon-minus\" aria-hidden=\"true\"><\/i><i class=\"fa-fusion-box inactive-icon awb-icon-plus\" aria-hidden=\"true\"><\/i><\/span><span class=\"fusion-toggle-heading\">\u00bfQu\u00e9 se puede arriesgar si se solicita ahora?<\/span><\/a><\/h3><\/div><div id=\"26bb5291b878fd1ca\" class=\"panel-collapse collapse \" aria-labelledby=\"toggle_26bb5291b878fd1ca\"><div class=\"panel-body toggle-content fusion-clearfix\">\n<p>Los \u00fanicos riesgos que corren las personas que presentan la solicitud son que perder\u00e1n el dinero que pagaron cuando la solicitaron y que, de alguna manera, ahora estar\u00e1n \u00abbajo el radar\u00bb de la inmigraci\u00f3n.<\/p>\n<\/div><\/div><\/div><div class=\"fusion-panel panel-default panel-bcc06227b1972b67b fusion-toggle-has-divider\" style=\"--awb-title-font-size:20px;\"><div class=\"panel-heading\"><h3 class=\"panel-title toggle\" id=\"toggle_bcc06227b1972b67b\"><a aria-expanded=\"false\" aria-controls=\"bcc06227b1972b67b\" role=\"button\" data-toggle=\"collapse\" data-parent=\"#accordion-13635-1\" data-target=\"#bcc06227b1972b67b\" href=\"#bcc06227b1972b67b\"><span class=\"fusion-toggle-icon-wrapper\" aria-hidden=\"true\"><i class=\"fa-fusion-box active-icon awb-icon-minus\" aria-hidden=\"true\"><\/i><i class=\"fa-fusion-box inactive-icon awb-icon-plus\" aria-hidden=\"true\"><\/i><\/span><span class=\"fusion-toggle-heading\">\u00bfPuede mi hijastro pedir por m\u00ed?<\/span><\/a><\/h3><\/div><div id=\"bcc06227b1972b67b\" class=\"panel-collapse collapse \" aria-labelledby=\"toggle_bcc06227b1972b67b\"><div class=\"panel-body toggle-content fusion-clearfix\">\n<p>Seg\u00fan la Ley de Inmigraci\u00f3n ser\u00eda como el padre biol\u00f3gico del hijastro, independientemente de si est\u00e1 divorciado o no, por lo que seg\u00fan eso s\u00ed podr\u00eda ser solicitado por \u00e9l.<\/p>\n<\/div><\/div><\/div><\/div><\/div><script type=\"application\/ld+json\">\n{\n\"@context\": \"https:\/\/schema.org\",\n\"@type\": \"FAQPage\",\n\"mainEntity\": [{\n\"@type\": \"Question\",\n\"name\": \"Actualizaciones De DACA\",\n\"acceptedAnswer\": {\n\"@type\": \"Answer\",\n\"text\": \"<p>El pasado viernes 16 de julio, el juez federal Andrew Hanen fall\u00f3 a favor de detener la posibilidad de presentar una solicitud inicial de DACA, sin embargo, este fallo todav\u00eda permite que las solicitudes de renovaci\u00f3n sean presentadas y aprobadas de la manera habitual.<\/p>\"\n}\n}, {\n\"@type\": \"Question\",\n\"name\": \"\u00bfQu\u00e9 Se Puede Arriesgar Si Se Solicita Ahora?\",\n\"acceptedAnswer\": {\n\"@type\": \"Answer\",\n\"text\": \"<p>Los \u00fanicos riesgos que corren las personas que presentan la solicitud son que perder\u00e1n el dinero que pagaron cuando la solicitaron y que, de alguna manera, ahora estar\u00e1n 'bajo el radar' de la inmigraci\u00f3n.<\/p>\"\n}\n}, {\n\"@type\": \"Question\",\n\"name\": \"\u00bfPuede Mi Hijastro Pedir Por M\u00ed?\",\n\"acceptedAnswer\": {\n\"@type\": \"Answer\",\n\"text\": \"<p>Seg\u00fan la Ley de Inmigraci\u00f3n ser\u00eda como el padre biol\u00f3gico del hijastro, independientemente de si est\u00e1 divorciado o no, por lo que seg\u00fan eso s\u00ed podr\u00eda ser solicitado por \u00e9l.<\/p>\"\n}\n}]\n}\n<\/script><\/div><\/div><\/div><\/div>\n<div class=\"gsp_post_data\" \r\n\t            data-post_type=\"post\" \r\n\t            data-cat=\"vlog,inmigracion-vlogs-es\" \r\n\t            data-modified=\"120\"\r\n\t            data-created=\"1632103996\"\r\n\t            data-title=\"Actualizaciones de verano y planes de viaje\" \r\n\t            data-home=\"https:\/\/www.lincolngoldfinch.com\/es\/\"><\/div>","protected":false},"excerpt":{"rendered":"","protected":false},"author":1,"featured_media":107070,"comment_status":"closed","ping_status":"closed","sticky":false,"template":"","format":"video","meta":{"_acf_changed":false,"rop_custom_images_group":[],"rop_custom_messages_group":[],"rop_publish_now":"initial","rop_publish_now_accounts":[],"rop_publish_now_history":[],"rop_publish_now_status":"pending","_analytify_skip_tracking":false,"rank_math_title":"Permiso de viaje con DACA: Gu\u00eda para tus planes de verano","rank_math_description":"\u00bfEst\u00e1 planeando viajar fuera del pa\u00eds? No espere hasta el \u00faltimo minuto, conozca aqu\u00ed qu\u00e9 hacer para gestionar su Permiso de Viaje","rank_math_focus_keyword":"Permiso De Viaje","rank_math_canonical_url":"","footnotes":""},"categories":[1934,1938],"class_list":["post-13635","post","type-post","status-publish","format-video","has-post-thumbnail","hentry","category-vlog","category-inmigracion-vlogs-es","post_format-post-format-video"],"acf":[],"_links":{"self":[{"href":"https:\/\/www.lincolngoldfinch.com\/es\/wp-json\/wp\/v2\/posts\/13635","targetHints":{"allow":["GET"]}}],"collection":[{"href":"https:\/\/www.lincolngoldfinch.com\/es\/wp-json\/wp\/v2\/posts"}],"about":[{"href":"https:\/\/www.lincolngoldfinch.com\/es\/wp-json\/wp\/v2\/types\/post"}],"author":[{"embeddable":true,"href":"https:\/\/www.lincolngoldfinch.com\/es\/wp-json\/wp\/v2\/users\/1"}],"replies":[{"embeddable":true,"href":"https:\/\/www.lincolngoldfinch.com\/es\/wp-json\/wp\/v2\/comments?post=13635"}],"version-history":[{"count":1,"href":"https:\/\/www.lincolngoldfinch.com\/es\/wp-json\/wp\/v2\/posts\/13635\/revisions"}],"predecessor-version":[{"id":107072,"href":"https:\/\/www.lincolngoldfinch.com\/es\/wp-json\/wp\/v2\/posts\/13635\/revisions\/107072"}],"wp:featuredmedia":[{"embeddable":true,"href":"https:\/\/www.lincolngoldfinch.com\/es\/wp-json\/wp\/v2\/media\/107070"}],"wp:attachment":[{"href":"https:\/\/www.lincolngoldfinch.com\/es\/wp-json\/wp\/v2\/media?parent=13635"}],"wp:term":[{"taxonomy":"category","embeddable":true,"href":"https:\/\/www.lincolngoldfinch.com\/es\/wp-json\/wp\/v2\/categories?post=13635"}],"curies":[{"name":"wp","href":"https:\/\/api.w.org\/{rel}","templated":true}]}}